{"id":294,"date":"2021-08-29T18:06:08","date_gmt":"2021-08-29T18:06:08","guid":{"rendered":"http:\/\/wordpress.karate-dojo-stockach.de\/?p=294"},"modified":"2021-08-29T18:06:08","modified_gmt":"2021-08-29T18:06:08","slug":"regelung-ferientraining","status":"publish","type":"post","link":"https:\/\/karate-dojo-stockach.de\/?p=294","title":{"rendered":"Regelung Ferientraining"},"content":{"rendered":"<p><span>Hallo Karatekas,<\/span><\/p>\n<p><span>bis Ende der Ferien ben\u00f6tigen die Kinder keinen Test, f\u00fcr Erwachsene gelten die 3G-Regeln.<\/span><\/p>\n<p>&nbsp;<\/p>\n<p><span>Bitte <strong>Ausweise<\/strong> f\u00fcr die <strong>Jahressichtmarke<\/strong> mitbringen.<\/span><\/p>\n<p><span>Die Neuen bitte <strong>Schnupperkurs<\/strong> bzw. <strong>Mitgliedsantrag<\/strong> mitbringen.<\/span><\/p>\n<p>&nbsp;<\/p>\n<p>Viele Gr\u00fc\u00dfe,<\/p>\n<p>euer Karate Dojo<\/p>\n","protected":false},"excerpt":{"rendered":"<p>Hallo Karatekas, bis Ende der Ferien ben\u00f6tigen die Kinder keinen Test, f\u00fcr Erwachsene gelten die 3G-Regeln. &nbsp; Bitte Ausweise f\u00fcr die Jahressichtmarke mitbringen. Die Neuen bitte Schnupperkurs bzw. Mitgliedsantrag mitbringen. &nbsp; Viele Gr\u00fc\u00dfe, euer Karate Dojo<\/p>\n","protected":false},"author":1,"featured_media":0,"comment_status":"open","ping_status":"open","sticky":false,"template":"","format":"standard","meta":{"footnotes":""},"categories":[10,9],"tags":[],"class_list":["post-294","post","type-post","status-publish","format-standard","hentry","category-ferien","category-training"],"_links":{"self":[{"href":"https:\/\/karate-dojo-stockach.de\/index.php?rest_route=\/wp\/v2\/posts\/294","targetHints":{"allow":["GET"]}}],"collection":[{"href":"https:\/\/karate-dojo-stockach.de\/index.php?rest_route=\/wp\/v2\/posts"}],"about":[{"href":"https:\/\/karate-dojo-stockach.de\/index.php?rest_route=\/wp\/v2\/types\/post"}],"author":[{"embeddable":true,"href":"https:\/\/karate-dojo-stockach.de\/index.php?rest_route=\/wp\/v2\/users\/1"}],"replies":[{"embeddable":true,"href":"https:\/\/karate-dojo-stockach.de\/index.php?rest_route=%2Fwp%2Fv2%2Fcomments&post=294"}],"version-history":[{"count":1,"href":"https:\/\/karate-dojo-stockach.de\/index.php?rest_route=\/wp\/v2\/posts\/294\/revisions"}],"predecessor-version":[{"id":295,"href":"https:\/\/karate-dojo-stockach.de\/index.php?rest_route=\/wp\/v2\/posts\/294\/revisions\/295"}],"wp:attachment":[{"href":"https:\/\/karate-dojo-stockach.de\/index.php?rest_route=%2Fwp%2Fv2%2Fmedia&parent=294"}],"wp:term":[{"taxonomy":"category","embeddable":true,"href":"https:\/\/karate-dojo-stockach.de\/index.php?rest_route=%2Fwp%2Fv2%2Fcategories&post=294"},{"taxonomy":"post_tag","embeddable":true,"href":"https:\/\/karate-dojo-stockach.de\/index.php?rest_route=%2Fwp%2Fv2%2Ftags&post=294"}],"curies":[{"name":"wp","href":"https:\/\/api.w.org\/{rel}","templated":true}]}}